{"id":1623,"date":"2014-06-05T16:58:05","date_gmt":"2014-06-05T13:58:05","guid":{"rendered":"http:\/\/www.helmiamanda.fi\/blog\/?p=1623"},"modified":"2014-06-05T17:03:19","modified_gmt":"2014-06-05T14:03:19","slug":"kesa","status":"publish","type":"post","link":"http:\/\/www.helmiamanda.fi\/blog\/kesa\/","title":{"rendered":"Kes\u00e4!"},"content":{"rendered":"<h1>Kes\u00e4!<\/h1>\n<p>Kes\u00e4 on t\u00e4\u00e4ll\u00e4. Ihanaa! :) Blogini on pit\u00e4nyt pitk\u00e4\u00e4 kev\u00e4ttaukoa, mutta nyt on taas aika aktivoitua. Mit\u00e4 meille kuuluu? Leikkim\u00f6kki\/nuorisom\u00f6kki sai pimennysverhot, jotta nuoriso voi my\u00f6s nukkua m\u00f6kiss\u00e4 kes\u00e4ll\u00e4. Viel\u00e4 ei yht\u00e4\u00e4n y\u00f6t\u00e4 ole m\u00f6kiss\u00e4 vietetty.<\/p>\n<p><a href=\"http:\/\/www.helmiamanda.fi\/blog\/wp-content\/uploads\/2014\/06\/leikkimokki1.jpg\"><img loading=\"lazy\" decoding=\"async\" class=\"aligncenter size-large wp-image-1624\" alt=\"leikkimokki1\" src=\"http:\/\/www.helmiamanda.fi\/blog\/wp-content\/uploads\/2014\/06\/leikkimokki1-768x1024.jpg\" width=\"625\" height=\"833\" srcset=\"http:\/\/www.helmiamanda.fi\/blog\/wp-content\/uploads\/2014\/06\/leikkimokki1-768x1024.jpg 768w, http:\/\/www.helmiamanda.fi\/blog\/wp-content\/uploads\/2014\/06\/leikkimokki1-225x300.jpg 225w, http:\/\/www.helmiamanda.fi\/blog\/wp-content\/uploads\/2014\/06\/leikkimokki1-624x832.jpg 624w, http:\/\/www.helmiamanda.fi\/blog\/wp-content\/uploads\/2014\/06\/leikkimokki1.jpg 1920w\" sizes=\"auto, (max-width: 625px) 100vw, 625px\" \/><\/a><\/p>\n<p>&nbsp;<\/p>\n<p>M\u00f6kist\u00e4 l\u00f6ytyy patjat, jotka ovat p\u00e4\u00e4llystetty Ikean p\u00e4iv\u00e4peitoilla. Tyt\u00f6t valitsivat itse peittojen v\u00e4rit. Tyynyin\u00e4 ovat tytt\u00f6jen valitsemat Ikean tyynyt sek\u00e4 alennusmyyntil\u00f6yt\u00f6tyynynp\u00e4\u00e4lliset (tulipa pitk\u00e4 sana :) ).<\/p>\n<p><a href=\"http:\/\/www.helmiamanda.fi\/blog\/wp-content\/uploads\/2014\/06\/leikkimokki2.jpg\"><img loading=\"lazy\" decoding=\"async\" class=\"aligncenter size-large wp-image-1625\" alt=\"leikkimokki2\" src=\"http:\/\/www.helmiamanda.fi\/blog\/wp-content\/uploads\/2014\/06\/leikkimokki2-768x1024.jpg\" width=\"625\" height=\"833\" srcset=\"http:\/\/www.helmiamanda.fi\/blog\/wp-content\/uploads\/2014\/06\/leikkimokki2-768x1024.jpg 768w, http:\/\/www.helmiamanda.fi\/blog\/wp-content\/uploads\/2014\/06\/leikkimokki2-225x300.jpg 225w, http:\/\/www.helmiamanda.fi\/blog\/wp-content\/uploads\/2014\/06\/leikkimokki2-624x832.jpg 624w, http:\/\/www.helmiamanda.fi\/blog\/wp-content\/uploads\/2014\/06\/leikkimokki2.jpg 1920w\" sizes=\"auto, (max-width: 625px) 100vw, 625px\" \/><\/a><\/p>\n<p>&nbsp;<\/p>\n<p>Hyv\u00e4\u00e4 kes\u00e4\u00e4! Kuten t\u00e4st\u00e4 kes\u00e4kuvasta huomaa, meille ei aina ole niin siisti\u00e4. :)<\/p>\n<p><a href=\"http:\/\/www.helmiamanda.fi\/blog\/wp-content\/uploads\/2014\/06\/ma.jpg\"><img loading=\"lazy\" decoding=\"async\" class=\"aligncenter size-medium wp-image-1626\" alt=\"ma\" src=\"http:\/\/www.helmiamanda.fi\/blog\/wp-content\/uploads\/2014\/06\/ma-203x300.jpg\" width=\"203\" height=\"300\" srcset=\"http:\/\/www.helmiamanda.fi\/blog\/wp-content\/uploads\/2014\/06\/ma-203x300.jpg 203w, http:\/\/www.helmiamanda.fi\/blog\/wp-content\/uploads\/2014\/06\/ma-694x1024.jpg 694w, http:\/\/www.helmiamanda.fi\/blog\/wp-content\/uploads\/2014\/06\/ma-624x920.jpg 624w, http:\/\/www.helmiamanda.fi\/blog\/wp-content\/uploads\/2014\/06\/ma.jpg 1758w\" sizes=\"auto, (max-width: 203px) 100vw, 203px\" \/><\/a><\/p>\n<p>T\u00e4n\u00e4 illalla verkostoitumaan ja tapaamaan Turun alueen muita bloggareita. Kivaa! :)<\/p>\n<p>&nbsp;<\/p>\n<p>&nbsp;<\/p>\n<p>&nbsp;<\/p>\n","protected":false},"excerpt":{"rendered":"<p>Kes\u00e4! Kes\u00e4 on t\u00e4\u00e4ll\u00e4. Ihanaa! :) Blogini on pit\u00e4nyt pitk\u00e4\u00e4 kev\u00e4ttaukoa, mutta nyt on taas aika aktivoitua. Mit\u00e4 meille kuuluu? Leikkim\u00f6kki\/nuorisom\u00f6kki sai pimennysverhot, jotta nuoriso voi my\u00f6s nukkua m\u00f6kiss\u00e4 kes\u00e4ll\u00e4. Viel\u00e4 ei yht\u00e4\u00e4n y\u00f6t\u00e4 ole m\u00f6kiss\u00e4 vietetty. &nbsp; M\u00f6kist\u00e4 l\u00f6ytyy patjat, jotka ovat p\u00e4\u00e4llystetty Ikean p\u00e4iv\u00e4peitoilla. Tyt\u00f6t valitsivat itse peittojen v\u00e4rit. Tyynyin\u00e4 ovat tytt\u00f6jen valitsemat [&hellip;]<\/p>\n","protected":false},"author":1,"featured_media":0,"comment_status":"open","ping_status":"open","sticky":false,"template":"","format":"status","meta":{"footnotes":""},"categories":[1],"tags":[],"class_list":["post-1623","post","type-post","status-publish","format-status","hentry","category-yleinen","post_format-post-format-status"],"aioseo_notices":[],"_links":{"self":[{"href":"http:\/\/www.helmiamanda.fi\/blog\/wp-json\/wp\/v2\/posts\/1623","targetHints":{"allow":["GET"]}}],"collection":[{"href":"http:\/\/www.helmiamanda.fi\/blog\/wp-json\/wp\/v2\/posts"}],"about":[{"href":"http:\/\/www.helmiamanda.fi\/blog\/wp-json\/wp\/v2\/types\/post"}],"author":[{"embeddable":true,"href":"http:\/\/www.helmiamanda.fi\/blog\/wp-json\/wp\/v2\/users\/1"}],"replies":[{"embeddable":true,"href":"http:\/\/www.helmiamanda.fi\/blog\/wp-json\/wp\/v2\/comments?post=1623"}],"version-history":[{"count":5,"href":"http:\/\/www.helmiamanda.fi\/blog\/wp-json\/wp\/v2\/posts\/1623\/revisions"}],"predecessor-version":[{"id":1632,"href":"http:\/\/www.helmiamanda.fi\/blog\/wp-json\/wp\/v2\/posts\/1623\/revisions\/1632"}],"wp:attachment":[{"href":"http:\/\/www.helmiamanda.fi\/blog\/wp-json\/wp\/v2\/media?parent=1623"}],"wp:term":[{"taxonomy":"category","embeddable":true,"href":"http:\/\/www.helmiamanda.fi\/blog\/wp-json\/wp\/v2\/categories?post=1623"},{"taxonomy":"post_tag","embeddable":true,"href":"http:\/\/www.helmiamanda.fi\/blog\/wp-json\/wp\/v2\/tags?post=1623"}],"curies":[{"name":"wp","href":"https:\/\/api.w.org\/{rel}","templated":true}]}}