{"id":560,"date":"2013-08-01T17:56:16","date_gmt":"2013-08-01T14:56:16","guid":{"rendered":"http:\/\/www.helmiamanda.fi\/blog\/?p=560"},"modified":"2013-08-01T20:01:50","modified_gmt":"2013-08-01T17:01:50","slug":"alennusmyynteja-ja-koulutarvikeostoksia","status":"publish","type":"post","link":"http:\/\/www.helmiamanda.fi\/blog\/alennusmyynteja-ja-koulutarvikeostoksia\/","title":{"rendered":"Alennusmyyntej\u00e4 ja koulutarvikeostoksia"},"content":{"rendered":"<h1>Alennusmyyntej\u00e4 ja koulutarvikeostoksia<\/h1>\n<p>Vaikka kes\u00e4 jatkuu, siirrettiin meill\u00e4 t\u00e4n\u00e4\u00e4n katse jo kouluun. Tyt\u00f6ill\u00e4 jatkuu koulu vajaan kahden viikon p\u00e4\u00e4st\u00e4, tiistaina. L\u00e4hdimme kauppakeskus Myllyyn koulutarvikeostoksille. Samalla sain katsella viel\u00e4 viimeisi\u00e4 alennusmyyntituotteita. : )<\/p>\n<div id=\"attachment_561\" style=\"width: 266px\" class=\"wp-caption aligncenter\"><a href=\"http:\/\/www.helmiamanda.fi\/blog\/wp-content\/uploads\/2013\/08\/rullaportaat.jpg\"><img loading=\"lazy\" decoding=\"async\" aria-describedby=\"caption-attachment-561\" class=\"size-medium wp-image-561\" alt=\"Myllyn rullaportaat.\" src=\"http:\/\/www.helmiamanda.fi\/blog\/wp-content\/uploads\/2013\/08\/rullaportaat-256x300.jpg\" width=\"256\" height=\"300\" srcset=\"http:\/\/www.helmiamanda.fi\/blog\/wp-content\/uploads\/2013\/08\/rullaportaat-256x300.jpg 256w, http:\/\/www.helmiamanda.fi\/blog\/wp-content\/uploads\/2013\/08\/rullaportaat-875x1024.jpg 875w, http:\/\/www.helmiamanda.fi\/blog\/wp-content\/uploads\/2013\/08\/rullaportaat-624x730.jpg 624w, http:\/\/www.helmiamanda.fi\/blog\/wp-content\/uploads\/2013\/08\/rullaportaat.jpg 1200w\" sizes=\"auto, (max-width: 256px) 100vw, 256px\" \/><\/a><p id=\"caption-attachment-561\" class=\"wp-caption-text\">Myllyn rullaportaat.<\/p><\/div>\n<p>Oletteko muuten koskaan kiinnitt\u00e4neet huomioita kauppakeskusten lattioihin? Myllyss\u00e4 on aika j\u00e4nn\u00e4 lattia.<\/p>\n<div id=\"attachment_562\" style=\"width: 268px\" class=\"wp-caption aligncenter\"><a href=\"http:\/\/www.helmiamanda.fi\/blog\/wp-content\/uploads\/2013\/08\/lattia.jpg\"><img loading=\"lazy\" decoding=\"async\" aria-describedby=\"caption-attachment-562\" class=\"size-medium wp-image-562\" alt=\"Myllyn lattia.\" src=\"http:\/\/www.helmiamanda.fi\/blog\/wp-content\/uploads\/2013\/08\/lattia-258x300.jpg\" width=\"258\" height=\"300\" srcset=\"http:\/\/www.helmiamanda.fi\/blog\/wp-content\/uploads\/2013\/08\/lattia-258x300.jpg 258w, http:\/\/www.helmiamanda.fi\/blog\/wp-content\/uploads\/2013\/08\/lattia-881x1024.jpg 881w, http:\/\/www.helmiamanda.fi\/blog\/wp-content\/uploads\/2013\/08\/lattia-624x724.jpg 624w, http:\/\/www.helmiamanda.fi\/blog\/wp-content\/uploads\/2013\/08\/lattia.jpg 1200w\" sizes=\"auto, (max-width: 258px) 100vw, 258px\" \/><\/a><p id=\"caption-attachment-562\" class=\"wp-caption-text\">Myllyn lattia.<\/p><\/div>\n<p>Anu Penttisen Iittalalle suunnittelemat Vitriini-rasiat ovat ihania. Maltoin kuitenkin t\u00e4ll\u00e4 kertaa j\u00e4tt\u00e4\u00e4 rasiat ostamatta, vaikka alennuksessa olivatkin\u2026<\/p>\n<div id=\"attachment_563\" style=\"width: 268px\" class=\"wp-caption aligncenter\"><a href=\"http:\/\/www.helmiamanda.fi\/blog\/wp-content\/uploads\/2013\/08\/iittalanpurkit.jpg\"><img loading=\"lazy\" decoding=\"async\" aria-describedby=\"caption-attachment-563\" class=\"size-medium wp-image-563\" alt=\"Iittalan Vitriini-rasiat.\" src=\"http:\/\/www.helmiamanda.fi\/blog\/wp-content\/uploads\/2013\/08\/iittalanpurkit-258x300.jpg\" width=\"258\" height=\"300\" srcset=\"http:\/\/www.helmiamanda.fi\/blog\/wp-content\/uploads\/2013\/08\/iittalanpurkit-258x300.jpg 258w, http:\/\/www.helmiamanda.fi\/blog\/wp-content\/uploads\/2013\/08\/iittalanpurkit-882x1024.jpg 882w, http:\/\/www.helmiamanda.fi\/blog\/wp-content\/uploads\/2013\/08\/iittalanpurkit-624x723.jpg 624w, http:\/\/www.helmiamanda.fi\/blog\/wp-content\/uploads\/2013\/08\/iittalanpurkit.jpg 1200w\" sizes=\"auto, (max-width: 258px) 100vw, 258px\" \/><\/a><p id=\"caption-attachment-563\" class=\"wp-caption-text\">Iittalan Vitriini-rasiat.<\/p><\/div>\n<p>Mietin my\u00f6s pitk\u00e4\u00e4n, ostanko pienenpienen Arabian Paratiisi-kupin. Sen on suunnitellut Birger Kaipiainen. T\u00e4ll\u00e4 kertaa j\u00e4rki voitti ja my\u00f6s kuppi j\u00e4i kauppaan, alennuksesta huolimatta. : )<\/p>\n<div id=\"attachment_564\" style=\"width: 292px\" class=\"wp-caption aligncenter\"><a href=\"http:\/\/www.helmiamanda.fi\/blog\/wp-content\/uploads\/2013\/08\/kuppi.jpg\"><img loading=\"lazy\" decoding=\"async\" aria-describedby=\"caption-attachment-564\" class=\"size-medium wp-image-564\" alt=\"Arabian Paratiisi-kuppi.\" src=\"http:\/\/www.helmiamanda.fi\/blog\/wp-content\/uploads\/2013\/08\/kuppi-282x300.jpg\" width=\"282\" height=\"300\" srcset=\"http:\/\/www.helmiamanda.fi\/blog\/wp-content\/uploads\/2013\/08\/kuppi-282x300.jpg 282w, http:\/\/www.helmiamanda.fi\/blog\/wp-content\/uploads\/2013\/08\/kuppi-963x1024.jpg 963w, http:\/\/www.helmiamanda.fi\/blog\/wp-content\/uploads\/2013\/08\/kuppi-624x663.jpg 624w, http:\/\/www.helmiamanda.fi\/blog\/wp-content\/uploads\/2013\/08\/kuppi.jpg 1200w\" sizes=\"auto, (max-width: 282px) 100vw, 282px\" \/><\/a><p id=\"caption-attachment-564\" class=\"wp-caption-text\">Arabian Paratiisi-kuppi.<\/p><\/div>\n<p>Niin ne koulutarvikkeet. Molemmat tyt\u00f6ist\u00e4 ilmoittivat, etteiv\u00e4t tarvitse uutta reppua! Vau! Penaalit kuitenkin ostettiin sek\u00e4 kyni\u00e4 ja kumeja.<\/p>\n<div id=\"attachment_565\" style=\"width: 235px\" class=\"wp-caption aligncenter\"><a href=\"http:\/\/www.helmiamanda.fi\/blog\/wp-content\/uploads\/2013\/08\/tavarat.jpg\"><img loading=\"lazy\" decoding=\"async\" aria-describedby=\"caption-attachment-565\" class=\"size-medium wp-image-565\" alt=\"Koulutarvikkeita\" src=\"http:\/\/www.helmiamanda.fi\/blog\/wp-content\/uploads\/2013\/08\/tavarat-225x300.jpg\" width=\"225\" height=\"300\" srcset=\"http:\/\/www.helmiamanda.fi\/blog\/wp-content\/uploads\/2013\/08\/tavarat-225x300.jpg 225w, http:\/\/www.helmiamanda.fi\/blog\/wp-content\/uploads\/2013\/08\/tavarat-768x1024.jpg 768w, http:\/\/www.helmiamanda.fi\/blog\/wp-content\/uploads\/2013\/08\/tavarat-624x832.jpg 624w, http:\/\/www.helmiamanda.fi\/blog\/wp-content\/uploads\/2013\/08\/tavarat.jpg 1200w\" sizes=\"auto, (max-width: 225px) 100vw, 225px\" \/><\/a><p id=\"caption-attachment-565\" class=\"wp-caption-text\">Koulutarvikkeita<\/p><\/div>\n<p>Nyt meid\u00e4n perhe alkaa olla valmiina koulun alkuun. Nautitaan kuitenkin viel\u00e4 viimeisist\u00e4, toivottavasti l\u00e4mpimist\u00e4, lomap\u00e4ivist\u00e4.<\/p>\n<p>Muista my\u00f6s k\u00e4yd\u00e4 tykk\u00e4\u00e4m\u00e4ss\u00e4 <a href=\"https:\/\/www.facebook.com\/HelmiAmandaFI\" target=\"_blank\">HelmiAmandan Facebook-sivuista<\/a>. Kohta j\u00e4rjestet\u00e4\u00e4n arvonta! : )<\/p>\n","protected":false},"excerpt":{"rendered":"<p>Alennusmyyntej\u00e4 ja koulutarvikeostoksia Vaikka kes\u00e4 jatkuu, siirrettiin meill\u00e4 t\u00e4n\u00e4\u00e4n katse jo kouluun. Tyt\u00f6ill\u00e4 jatkuu koulu vajaan kahden viikon p\u00e4\u00e4st\u00e4, tiistaina. L\u00e4hdimme kauppakeskus Myllyyn koulutarvikeostoksille. Samalla sain katsella viel\u00e4 viimeisi\u00e4 alennusmyyntituotteita. : ) Oletteko muuten koskaan kiinnitt\u00e4neet huomioita kauppakeskusten lattioihin? Myllyss\u00e4 on aika j\u00e4nn\u00e4 lattia. Anu Penttisen Iittalalle suunnittelemat Vitriini-rasiat ovat ihania. Maltoin kuitenkin t\u00e4ll\u00e4 kertaa [&hellip;]<\/p>\n","protected":false},"author":1,"featured_media":0,"comment_status":"open","ping_status":"open","sticky":false,"template":"","format":"status","meta":{"footnotes":""},"categories":[1],"tags":[97,87,100,98,99,101],"class_list":["post-560","post","type-post","status-publish","format-status","hentry","category-yleinen","tag-arabia","tag-iittala","tag-mylly","tag-paratiisi","tag-paul-frank","tag-vitriini-rasia","post_format-post-format-status"],"aioseo_notices":[],"_links":{"self":[{"href":"http:\/\/www.helmiamanda.fi\/blog\/wp-json\/wp\/v2\/posts\/560","targetHints":{"allow":["GET"]}}],"collection":[{"href":"http:\/\/www.helmiamanda.fi\/blog\/wp-json\/wp\/v2\/posts"}],"about":[{"href":"http:\/\/www.helmiamanda.fi\/blog\/wp-json\/wp\/v2\/types\/post"}],"author":[{"embeddable":true,"href":"http:\/\/www.helmiamanda.fi\/blog\/wp-json\/wp\/v2\/users\/1"}],"replies":[{"embeddable":true,"href":"http:\/\/www.helmiamanda.fi\/blog\/wp-json\/wp\/v2\/comments?post=560"}],"version-history":[{"count":8,"href":"http:\/\/www.helmiamanda.fi\/blog\/wp-json\/wp\/v2\/posts\/560\/revisions"}],"predecessor-version":[{"id":572,"href":"http:\/\/www.helmiamanda.fi\/blog\/wp-json\/wp\/v2\/posts\/560\/revisions\/572"}],"wp:attachment":[{"href":"http:\/\/www.helmiamanda.fi\/blog\/wp-json\/wp\/v2\/media?parent=560"}],"wp:term":[{"taxonomy":"category","embeddable":true,"href":"http:\/\/www.helmiamanda.fi\/blog\/wp-json\/wp\/v2\/categories?post=560"},{"taxonomy":"post_tag","embeddable":true,"href":"http:\/\/www.helmiamanda.fi\/blog\/wp-json\/wp\/v2\/tags?post=560"}],"curies":[{"name":"wp","href":"https:\/\/api.w.org\/{rel}","templated":true}]}}