{"id":658,"date":"2013-08-06T20:39:23","date_gmt":"2013-08-06T17:39:23","guid":{"rendered":"http:\/\/www.helmiamanda.fi\/blog\/?p=658"},"modified":"2013-08-06T21:13:37","modified_gmt":"2013-08-06T18:13:37","slug":"esittelyssa-asuntomessujen-upea-maja","status":"publish","type":"post","link":"http:\/\/www.helmiamanda.fi\/blog\/esittelyssa-asuntomessujen-upea-maja\/","title":{"rendered":"Esittelyss\u00e4 asuntomessujen upea Maja"},"content":{"rendered":"<h1>Esittelyss\u00e4 asuntomessujen upea Maja<\/h1>\n<p>P\u00e4\u00e4sin sunnuntaina 4.8. tutustumaan Lammi-Kivitalo Majaan toisen rakentajan eli Mirellan opastuksella. Mirella on vanha opiskelukaverini. H\u00e4n on yhdess\u00e4 miehens\u00e4 Tamion kanssa rakentanut upean ja erilaisen talon, joka sulautuu mets\u00e4maisemaan hienosti.<\/p>\n<div id=\"attachment_659\" style=\"width: 310px\" class=\"wp-caption aligncenter\"><a href=\"http:\/\/www.helmiamanda.fi\/blog\/wp-content\/uploads\/2013\/08\/maja-takaa2.jpg\"><img loading=\"lazy\" decoding=\"async\" aria-describedby=\"caption-attachment-659\" class=\"size-medium wp-image-659\" alt=\"Maja\" src=\"http:\/\/www.helmiamanda.fi\/blog\/wp-content\/uploads\/2013\/08\/maja-takaa2-300x216.jpg\" width=\"300\" height=\"216\" srcset=\"http:\/\/www.helmiamanda.fi\/blog\/wp-content\/uploads\/2013\/08\/maja-takaa2-300x216.jpg 300w, http:\/\/www.helmiamanda.fi\/blog\/wp-content\/uploads\/2013\/08\/maja-takaa2-1024x737.jpg 1024w, http:\/\/www.helmiamanda.fi\/blog\/wp-content\/uploads\/2013\/08\/maja-takaa2-624x449.jpg 624w, http:\/\/www.helmiamanda.fi\/blog\/wp-content\/uploads\/2013\/08\/maja-takaa2.jpg 1200w\" sizes=\"auto, (max-width: 300px) 100vw, 300px\" \/><\/a><p id=\"caption-attachment-659\" class=\"wp-caption-text\">Maja<\/p><\/div>\n<p>Maja on kivitalo, joka on verhoiltu paksuilla Siperian lehtikuusilankuilla. Baltian maissa ko. lankut ovat tuttuja ja niit\u00e4 k\u00e4ytet\u00e4\u00e4n siell\u00e4. Lankut harmaantuvat ajan kuluessa kauniisti ja muistuttavat v\u00e4ritykselt\u00e4\u00e4n Lapin kelohonkam\u00f6kkej\u00e4.<\/p>\n<div id=\"attachment_660\" style=\"width: 235px\" class=\"wp-caption aligncenter\"><a href=\"http:\/\/www.helmiamanda.fi\/blog\/wp-content\/uploads\/2013\/08\/maja-takaa.jpg\"><img loading=\"lazy\" decoding=\"async\" aria-describedby=\"caption-attachment-660\" class=\"size-medium wp-image-660\" alt=\"Maja takaa.\" src=\"http:\/\/www.helmiamanda.fi\/blog\/wp-content\/uploads\/2013\/08\/maja-takaa-225x300.jpg\" width=\"225\" height=\"300\" srcset=\"http:\/\/www.helmiamanda.fi\/blog\/wp-content\/uploads\/2013\/08\/maja-takaa-225x300.jpg 225w, http:\/\/www.helmiamanda.fi\/blog\/wp-content\/uploads\/2013\/08\/maja-takaa-768x1024.jpg 768w, http:\/\/www.helmiamanda.fi\/blog\/wp-content\/uploads\/2013\/08\/maja-takaa-624x832.jpg 624w, http:\/\/www.helmiamanda.fi\/blog\/wp-content\/uploads\/2013\/08\/maja-takaa.jpg 1200w\" sizes=\"auto, (max-width: 225px) 100vw, 225px\" \/><\/a><p id=\"caption-attachment-660\" class=\"wp-caption-text\">Maja takaa.<\/p><\/div>\n<div id=\"attachment_664\" style=\"width: 235px\" class=\"wp-caption aligncenter\"><a href=\"http:\/\/www.helmiamanda.fi\/blog\/wp-content\/uploads\/2013\/08\/majan-paaty.jpg\"><img loading=\"lazy\" decoding=\"async\" aria-describedby=\"caption-attachment-664\" class=\"size-medium wp-image-664\" alt=\"Majan p\u00e4\u00e4ty.\" src=\"http:\/\/www.helmiamanda.fi\/blog\/wp-content\/uploads\/2013\/08\/majan-paaty-225x300.jpg\" width=\"225\" height=\"300\" srcset=\"http:\/\/www.helmiamanda.fi\/blog\/wp-content\/uploads\/2013\/08\/majan-paaty-225x300.jpg 225w, http:\/\/www.helmiamanda.fi\/blog\/wp-content\/uploads\/2013\/08\/majan-paaty-768x1024.jpg 768w, http:\/\/www.helmiamanda.fi\/blog\/wp-content\/uploads\/2013\/08\/majan-paaty-624x832.jpg 624w, http:\/\/www.helmiamanda.fi\/blog\/wp-content\/uploads\/2013\/08\/majan-paaty.jpg 1200w\" sizes=\"auto, (max-width: 225px) 100vw, 225px\" \/><\/a><p id=\"caption-attachment-664\" class=\"wp-caption-text\">Majan p\u00e4\u00e4ty.<\/p><\/div>\n<p>Mirella ja Tamio eiv\u00e4t halunneet rakentaa perinteist\u00e4 omakotitaloa, koska he olivat jo aikaisemmin rakentaneet kaksi puutaloa. Nyt he halusivat kivitalon. Nuori arkkitehti Juuso Heino ehdotti lankkuverhoilua ja Mirella ja Tamio ihastuivat ideaan heti.<\/p>\n<div id=\"attachment_662\" style=\"width: 310px\" class=\"wp-caption aligncenter\"><a href=\"http:\/\/www.helmiamanda.fi\/blog\/wp-content\/uploads\/2013\/08\/maja-ulkoa2.jpg\"><img loading=\"lazy\" decoding=\"async\" aria-describedby=\"caption-attachment-662\" class=\"size-medium wp-image-662\" alt=\"Maja edest\u00e4.\" src=\"http:\/\/www.helmiamanda.fi\/blog\/wp-content\/uploads\/2013\/08\/maja-ulkoa2-300x225.jpg\" width=\"300\" height=\"225\" srcset=\"http:\/\/www.helmiamanda.fi\/blog\/wp-content\/uploads\/2013\/08\/maja-ulkoa2-300x225.jpg 300w, http:\/\/www.helmiamanda.fi\/blog\/wp-content\/uploads\/2013\/08\/maja-ulkoa2-1024x768.jpg 1024w, http:\/\/www.helmiamanda.fi\/blog\/wp-content\/uploads\/2013\/08\/maja-ulkoa2-624x468.jpg 624w, http:\/\/www.helmiamanda.fi\/blog\/wp-content\/uploads\/2013\/08\/maja-ulkoa2.jpg 1200w\" sizes=\"auto, (max-width: 300px) 100vw, 300px\" \/><\/a><p id=\"caption-attachment-662\" class=\"wp-caption-text\">Maja edest\u00e4.<\/p><\/div>\n<div id=\"attachment_663\" style=\"width: 235px\" class=\"wp-caption aligncenter\"><a href=\"http:\/\/www.helmiamanda.fi\/blog\/wp-content\/uploads\/2013\/08\/majaulkoa3.jpg\"><img loading=\"lazy\" decoding=\"async\" aria-describedby=\"caption-attachment-663\" class=\"size-medium wp-image-663\" alt=\"Maja\" src=\"http:\/\/www.helmiamanda.fi\/blog\/wp-content\/uploads\/2013\/08\/majaulkoa3-225x300.jpg\" width=\"225\" height=\"300\" srcset=\"http:\/\/www.helmiamanda.fi\/blog\/wp-content\/uploads\/2013\/08\/majaulkoa3-225x300.jpg 225w, http:\/\/www.helmiamanda.fi\/blog\/wp-content\/uploads\/2013\/08\/majaulkoa3-768x1024.jpg 768w, http:\/\/www.helmiamanda.fi\/blog\/wp-content\/uploads\/2013\/08\/majaulkoa3-624x832.jpg 624w, http:\/\/www.helmiamanda.fi\/blog\/wp-content\/uploads\/2013\/08\/majaulkoa3.jpg 1200w\" sizes=\"auto, (max-width: 225px) 100vw, 225px\" \/><\/a><p id=\"caption-attachment-663\" class=\"wp-caption-text\">Maja<\/p><\/div>\n<p>Talossa on huopakate ja r\u00e4nnit, mutta ne ovat taitavasti piilotettu lehtikuusilankkujen alle. Katolta l\u00f6ytyy aurinkopaneelit ja talvisin takkaa tarvitsee l\u00e4mmitt\u00e4\u00e4 vain pari tuntia p\u00e4iv\u00e4ss\u00e4. N\u00e4in on hoidettu koko talon sek\u00e4 k\u00e4ytt\u00f6veden l\u00e4mmitys. Ekologista, energiatehokasta ja edullista.<\/p>\n<div id=\"attachment_665\" style=\"width: 310px\" class=\"wp-caption aligncenter\"><a href=\"http:\/\/www.helmiamanda.fi\/blog\/wp-content\/uploads\/2013\/08\/maja-ulkoa-ja-kesakeittio.jpg\"><img loading=\"lazy\" decoding=\"async\" aria-describedby=\"caption-attachment-665\" class=\"size-medium wp-image-665\" alt=\"Maja\" src=\"http:\/\/www.helmiamanda.fi\/blog\/wp-content\/uploads\/2013\/08\/maja-ulkoa-ja-kesakeittio-300x225.jpg\" width=\"300\" height=\"225\" srcset=\"http:\/\/www.helmiamanda.fi\/blog\/wp-content\/uploads\/2013\/08\/maja-ulkoa-ja-kesakeittio-300x225.jpg 300w, http:\/\/www.helmiamanda.fi\/blog\/wp-content\/uploads\/2013\/08\/maja-ulkoa-ja-kesakeittio-1024x768.jpg 1024w, http:\/\/www.helmiamanda.fi\/blog\/wp-content\/uploads\/2013\/08\/maja-ulkoa-ja-kesakeittio-624x468.jpg 624w, http:\/\/www.helmiamanda.fi\/blog\/wp-content\/uploads\/2013\/08\/maja-ulkoa-ja-kesakeittio.jpg 1200w\" sizes=\"auto, (max-width: 300px) 100vw, 300px\" \/><\/a><p id=\"caption-attachment-665\" class=\"wp-caption-text\">Maja<\/p><\/div>\n<div id=\"attachment_666\" style=\"width: 235px\" class=\"wp-caption aligncenter\"><a href=\"http:\/\/www.helmiamanda.fi\/blog\/wp-content\/uploads\/2013\/08\/maja-ulkoa1.jpg\"><img loading=\"lazy\" decoding=\"async\" aria-describedby=\"caption-attachment-666\" class=\"size-medium wp-image-666\" alt=\"Maja\" src=\"http:\/\/www.helmiamanda.fi\/blog\/wp-content\/uploads\/2013\/08\/maja-ulkoa1-225x300.jpg\" width=\"225\" height=\"300\" srcset=\"http:\/\/www.helmiamanda.fi\/blog\/wp-content\/uploads\/2013\/08\/maja-ulkoa1-225x300.jpg 225w, http:\/\/www.helmiamanda.fi\/blog\/wp-content\/uploads\/2013\/08\/maja-ulkoa1-768x1024.jpg 768w, http:\/\/www.helmiamanda.fi\/blog\/wp-content\/uploads\/2013\/08\/maja-ulkoa1-624x832.jpg 624w, http:\/\/www.helmiamanda.fi\/blog\/wp-content\/uploads\/2013\/08\/maja-ulkoa1.jpg 1200w\" sizes=\"auto, (max-width: 225px) 100vw, 225px\" \/><\/a><p id=\"caption-attachment-666\" class=\"wp-caption-text\">Maja<\/p><\/div>\n<p>Mirella kertoi, ett\u00e4 sisustuksen ideointi l\u00e4hti liikkeelle isosta mustasta p\u00f6yd\u00e4st\u00e4. P\u00f6yt\u00e4 on koko talon keskipiste, jossa mm. lapset tekev\u00e4t l\u00e4ksyns\u00e4 ja Mirella virkkaa ja kutoo.<\/p>\n<div id=\"attachment_667\" style=\"width: 235px\" class=\"wp-caption aligncenter\"><a href=\"http:\/\/www.helmiamanda.fi\/blog\/wp-content\/uploads\/2013\/08\/ruokatila.jpg\"><img loading=\"lazy\" decoding=\"async\" aria-describedby=\"caption-attachment-667\" class=\"size-medium wp-image-667\" alt=\"Ruokap\u00f6yt\u00e4\" src=\"http:\/\/www.helmiamanda.fi\/blog\/wp-content\/uploads\/2013\/08\/ruokatila-225x300.jpg\" width=\"225\" height=\"300\" srcset=\"http:\/\/www.helmiamanda.fi\/blog\/wp-content\/uploads\/2013\/08\/ruokatila-225x300.jpg 225w, http:\/\/www.helmiamanda.fi\/blog\/wp-content\/uploads\/2013\/08\/ruokatila-768x1024.jpg 768w, http:\/\/www.helmiamanda.fi\/blog\/wp-content\/uploads\/2013\/08\/ruokatila-624x832.jpg 624w, http:\/\/www.helmiamanda.fi\/blog\/wp-content\/uploads\/2013\/08\/ruokatila.jpg 1200w\" sizes=\"auto, (max-width: 225px) 100vw, 225px\" \/><\/a><p id=\"caption-attachment-667\" class=\"wp-caption-text\">Ruokap\u00f6yt\u00e4<\/p><\/div>\n<p>Taloon sis\u00e4\u00e4n astuessa katse kiinnittyy upeaan, mustaan sis\u00e4kattoon. Se on kaunis. Yll\u00e4tt\u00e4v\u00e4\u00e4 kyll\u00e4, musta sis\u00e4katto ei ollenkaan pimenn\u00e4 sis\u00e4tiloja. Mustan sis\u00e4katon vaihtoehtoina oli ollut valkoinen sis\u00e4katto. Onneksi Mirella ja Tamio valitsivat mustan. Se on nappi valinta taloon.<\/p>\n<p>Koska l\u00e4ksyt tehd\u00e4\u00e4n ruokap\u00f6yd\u00e4n \u00e4\u00e4ress\u00e4, erillisi\u00e4 ty\u00f6p\u00f6yti\u00e4 ei lastenhuoneisiin tarvittu. Lastenhuoneet sijaitsevat yl\u00e4kerrassa, jossa on my\u00f6s vanhempien makuuhuone. Huoneissa ei ole vaatekaappeja vaan kaikki vaatehuoneet on taitavasti k\u00e4tketty huoneiden l\u00e4heisyyteen. Yl\u00e4kerran eleet\u00f6n ja kaunis kaide on Mirellan ja Tamion suunnittelema. Jokaisessa makuuhuoneessa on laveris\u00e4ngyt, jotka on tehty ylij\u00e4\u00e4neist\u00e4 talon ulkoverhoilulaudoista.<\/p>\n<p>Lastenhuoneet ovat pieni\u00e4 ja kompakteja. Lapset itse toivoivat pieni\u00e4 huoneita. Tyt\u00f6n huoneessa on hauska nukkesein\u00e4tarra olemassa olevasta nukesta.<\/p>\n<div id=\"attachment_668\" style=\"width: 310px\" class=\"wp-caption aligncenter\"><a href=\"http:\/\/www.helmiamanda.fi\/blog\/wp-content\/uploads\/2013\/08\/tyton-huone.jpg\"><img loading=\"lazy\" decoding=\"async\" aria-describedby=\"caption-attachment-668\" class=\"size-medium wp-image-668\" alt=\"Tyt\u00f6n huone.\" src=\"http:\/\/www.helmiamanda.fi\/blog\/wp-content\/uploads\/2013\/08\/tyton-huone-300x225.jpg\" width=\"300\" height=\"225\" srcset=\"http:\/\/www.helmiamanda.fi\/blog\/wp-content\/uploads\/2013\/08\/tyton-huone-300x225.jpg 300w, http:\/\/www.helmiamanda.fi\/blog\/wp-content\/uploads\/2013\/08\/tyton-huone-1024x768.jpg 1024w, http:\/\/www.helmiamanda.fi\/blog\/wp-content\/uploads\/2013\/08\/tyton-huone-624x468.jpg 624w, http:\/\/www.helmiamanda.fi\/blog\/wp-content\/uploads\/2013\/08\/tyton-huone.jpg 1200w\" sizes=\"auto, (max-width: 300px) 100vw, 300px\" \/><\/a><p id=\"caption-attachment-668\" class=\"wp-caption-text\">Tyt\u00f6n huone.<\/p><\/div>\n<div id=\"attachment_669\" style=\"width: 310px\" class=\"wp-caption aligncenter\"><a href=\"http:\/\/www.helmiamanda.fi\/blog\/wp-content\/uploads\/2013\/08\/pojan-huone.jpg\"><img loading=\"lazy\" decoding=\"async\" aria-describedby=\"caption-attachment-669\" class=\"size-medium wp-image-669\" alt=\"Pojan huone.\" src=\"http:\/\/www.helmiamanda.fi\/blog\/wp-content\/uploads\/2013\/08\/pojan-huone-300x225.jpg\" width=\"300\" height=\"225\" srcset=\"http:\/\/www.helmiamanda.fi\/blog\/wp-content\/uploads\/2013\/08\/pojan-huone-300x225.jpg 300w, http:\/\/www.helmiamanda.fi\/blog\/wp-content\/uploads\/2013\/08\/pojan-huone-1024x768.jpg 1024w, http:\/\/www.helmiamanda.fi\/blog\/wp-content\/uploads\/2013\/08\/pojan-huone-624x468.jpg 624w, http:\/\/www.helmiamanda.fi\/blog\/wp-content\/uploads\/2013\/08\/pojan-huone.jpg 1200w\" sizes=\"auto, (max-width: 300px) 100vw, 300px\" \/><\/a><p id=\"caption-attachment-669\" class=\"wp-caption-text\">Pojan huone.<\/p><\/div>\n<p>Vanhempien makuuhuoneesta luonto n\u00e4kyy suoraan s\u00e4ngylt\u00e4 upean ikkunan l\u00e4pi.<\/p>\n<div id=\"attachment_670\" style=\"width: 202px\" class=\"wp-caption aligncenter\"><a href=\"http:\/\/www.helmiamanda.fi\/blog\/wp-content\/uploads\/2013\/08\/vanhemmpien-makuuhuone2.jpg\"><img loading=\"lazy\" decoding=\"async\" aria-describedby=\"caption-attachment-670\" class=\"size-medium wp-image-670\" alt=\"Vanhempien makuuhuone.\" src=\"http:\/\/www.helmiamanda.fi\/blog\/wp-content\/uploads\/2013\/08\/vanhemmpien-makuuhuone2-192x300.jpg\" width=\"192\" height=\"300\" srcset=\"http:\/\/www.helmiamanda.fi\/blog\/wp-content\/uploads\/2013\/08\/vanhemmpien-makuuhuone2-192x300.jpg 192w, http:\/\/www.helmiamanda.fi\/blog\/wp-content\/uploads\/2013\/08\/vanhemmpien-makuuhuone2-656x1024.jpg 656w, http:\/\/www.helmiamanda.fi\/blog\/wp-content\/uploads\/2013\/08\/vanhemmpien-makuuhuone2-624x973.jpg 624w, http:\/\/www.helmiamanda.fi\/blog\/wp-content\/uploads\/2013\/08\/vanhemmpien-makuuhuone2.jpg 1200w\" sizes=\"auto, (max-width: 192px) 100vw, 192px\" \/><\/a><p id=\"caption-attachment-670\" class=\"wp-caption-text\">Vanhempien makuuhuone.<\/p><\/div>\n<div id=\"attachment_671\" style=\"width: 310px\" class=\"wp-caption aligncenter\"><a href=\"http:\/\/www.helmiamanda.fi\/blog\/wp-content\/uploads\/2013\/08\/vanhempien-makuuhuone3.jpg\"><img loading=\"lazy\" decoding=\"async\" aria-describedby=\"caption-attachment-671\" class=\"size-medium wp-image-671\" alt=\"Vanhempien makuuhuone.\" src=\"http:\/\/www.helmiamanda.fi\/blog\/wp-content\/uploads\/2013\/08\/vanhempien-makuuhuone3-300x225.jpg\" width=\"300\" height=\"225\" srcset=\"http:\/\/www.helmiamanda.fi\/blog\/wp-content\/uploads\/2013\/08\/vanhempien-makuuhuone3-300x225.jpg 300w, http:\/\/www.helmiamanda.fi\/blog\/wp-content\/uploads\/2013\/08\/vanhempien-makuuhuone3-1024x768.jpg 1024w, http:\/\/www.helmiamanda.fi\/blog\/wp-content\/uploads\/2013\/08\/vanhempien-makuuhuone3-624x468.jpg 624w, http:\/\/www.helmiamanda.fi\/blog\/wp-content\/uploads\/2013\/08\/vanhempien-makuuhuone3.jpg 1200w\" sizes=\"auto, (max-width: 300px) 100vw, 300px\" \/><\/a><p id=\"caption-attachment-671\" class=\"wp-caption-text\">Vanhempien makuuhuone.<\/p><\/div>\n<p>Vanhempien makuuhuoneen sein\u00e4ss\u00e4 on 8 cm leve\u00e4 rako olohuoneeseen p\u00e4in. Arkkitehdin alkuper\u00e4inen idea oli leve\u00e4mpi rako ja ett\u00e4 siin\u00e4 olisi ollut lasi. Mirella halusi kuitenkin kapeamman raon eik\u00e4 lasia ollenkaan. Hauska yksityiskohta!<\/p>\n<div id=\"attachment_672\" style=\"width: 235px\" class=\"wp-caption aligncenter\"><a href=\"http:\/\/www.helmiamanda.fi\/blog\/wp-content\/uploads\/2013\/08\/rako-makuuhuoneen-seinassa.jpg\"><img loading=\"lazy\" decoding=\"async\" aria-describedby=\"caption-attachment-672\" class=\"size-medium wp-image-672\" alt=\"Rako makuuhuoneen sein\u00e4ss\u00e4.\" src=\"http:\/\/www.helmiamanda.fi\/blog\/wp-content\/uploads\/2013\/08\/rako-makuuhuoneen-seinassa-225x300.jpg\" width=\"225\" height=\"300\" srcset=\"http:\/\/www.helmiamanda.fi\/blog\/wp-content\/uploads\/2013\/08\/rako-makuuhuoneen-seinassa-225x300.jpg 225w, http:\/\/www.helmiamanda.fi\/blog\/wp-content\/uploads\/2013\/08\/rako-makuuhuoneen-seinassa-768x1024.jpg 768w, http:\/\/www.helmiamanda.fi\/blog\/wp-content\/uploads\/2013\/08\/rako-makuuhuoneen-seinassa-624x832.jpg 624w, http:\/\/www.helmiamanda.fi\/blog\/wp-content\/uploads\/2013\/08\/rako-makuuhuoneen-seinassa.jpg 1200w\" sizes=\"auto, (max-width: 225px) 100vw, 225px\" \/><\/a><p id=\"caption-attachment-672\" class=\"wp-caption-text\">Rako makuuhuoneen sein\u00e4ss\u00e4 olohuoneesta katsottuna.<\/p><\/div>\n<p>Talon jokaisella ikkunalla on funktio. Ikkunat ovat kuin tauluja, joissa kuvat vaihtuvat vuodenaikojen mukaan. Ikkunoissa ei ole verhoja eik\u00e4 makuuhuoneissa ovia. Kaikki ovat yhteydess\u00e4 toisiinsa. Liukuovivaraus kuitenkin l\u00f6ytyy oviaukoista, jos mieli my\u00f6hemmin muuttuu.<\/p>\n<p>Valaistus on hoidettu koko talossa ep\u00e4suorasti ledeill\u00e4. Mirella olikin pyyt\u00e4nyt valosuunnittelijaa tuomaan valoa, ei lamppuja, ja siin\u00e4 on onnistuttu.<\/p>\n<div id=\"attachment_673\" style=\"width: 310px\" class=\"wp-caption aligncenter\"><a href=\"http:\/\/www.helmiamanda.fi\/blog\/wp-content\/uploads\/2013\/08\/takkatila.jpg\"><img loading=\"lazy\" decoding=\"async\" aria-describedby=\"caption-attachment-673\" class=\"size-medium wp-image-673\" alt=\"Takkatila\" src=\"http:\/\/www.helmiamanda.fi\/blog\/wp-content\/uploads\/2013\/08\/takkatila-300x225.jpg\" width=\"300\" height=\"225\" srcset=\"http:\/\/www.helmiamanda.fi\/blog\/wp-content\/uploads\/2013\/08\/takkatila-300x225.jpg 300w, http:\/\/www.helmiamanda.fi\/blog\/wp-content\/uploads\/2013\/08\/takkatila-1024x768.jpg 1024w, http:\/\/www.helmiamanda.fi\/blog\/wp-content\/uploads\/2013\/08\/takkatila-624x468.jpg 624w, http:\/\/www.helmiamanda.fi\/blog\/wp-content\/uploads\/2013\/08\/takkatila.jpg 1200w\" sizes=\"auto, (max-width: 300px) 100vw, 300px\" \/><\/a><p id=\"caption-attachment-673\" class=\"wp-caption-text\">Takkatila<\/p><\/div>\n<p>Alakerrasta l\u00f6ytyy toimiva kodinhoitohuone, kuraeteinen, pesutilat, s\u00e4ilytystiloja, keitti\u00f6 ja olohuone sek\u00e4 takkatila. Kodinhoitohuoneen lattialla on Mirellan tekem\u00e4 kaunis matto. Vaikka keitti\u00f6 ja olohuone ovat korkeita, ei tilassa kaiu lainkaan. Siihen ovat vaikuttaneet matot ja muut tekstiilit sek\u00e4 Kontio-akustiikkalevyt.<\/p>\n<div id=\"attachment_674\" style=\"width: 310px\" class=\"wp-caption aligncenter\"><a href=\"http:\/\/www.helmiamanda.fi\/blog\/wp-content\/uploads\/2013\/08\/kodinhoitohuone.jpg\"><img loading=\"lazy\" decoding=\"async\" aria-describedby=\"caption-attachment-674\" class=\"size-medium wp-image-674\" alt=\"Kodinhoitohuone\" src=\"http:\/\/www.helmiamanda.fi\/blog\/wp-content\/uploads\/2013\/08\/kodinhoitohuone-300x225.jpg\" width=\"300\" height=\"225\" srcset=\"http:\/\/www.helmiamanda.fi\/blog\/wp-content\/uploads\/2013\/08\/kodinhoitohuone-300x225.jpg 300w, http:\/\/www.helmiamanda.fi\/blog\/wp-content\/uploads\/2013\/08\/kodinhoitohuone-1024x768.jpg 1024w, http:\/\/www.helmiamanda.fi\/blog\/wp-content\/uploads\/2013\/08\/kodinhoitohuone-624x468.jpg 624w, http:\/\/www.helmiamanda.fi\/blog\/wp-content\/uploads\/2013\/08\/kodinhoitohuone.jpg 1200w\" sizes=\"auto, (max-width: 300px) 100vw, 300px\" \/><\/a><p id=\"caption-attachment-674\" class=\"wp-caption-text\">Kodinhoitohuone<\/p><\/div>\n<div id=\"attachment_675\" style=\"width: 235px\" class=\"wp-caption aligncenter\"><a href=\"http:\/\/www.helmiamanda.fi\/blog\/wp-content\/uploads\/2013\/08\/keittio.jpg\"><img loading=\"lazy\" decoding=\"async\" aria-describedby=\"caption-attachment-675\" class=\"size-medium wp-image-675\" alt=\"Keitti\u00f6\" src=\"http:\/\/www.helmiamanda.fi\/blog\/wp-content\/uploads\/2013\/08\/keittio-225x300.jpg\" width=\"225\" height=\"300\" srcset=\"http:\/\/www.helmiamanda.fi\/blog\/wp-content\/uploads\/2013\/08\/keittio-225x300.jpg 225w, http:\/\/www.helmiamanda.fi\/blog\/wp-content\/uploads\/2013\/08\/keittio-768x1024.jpg 768w, http:\/\/www.helmiamanda.fi\/blog\/wp-content\/uploads\/2013\/08\/keittio-624x832.jpg 624w, http:\/\/www.helmiamanda.fi\/blog\/wp-content\/uploads\/2013\/08\/keittio.jpg 1200w\" sizes=\"auto, (max-width: 225px) 100vw, 225px\" \/><\/a><p id=\"caption-attachment-675\" class=\"wp-caption-text\">Keitti\u00f6<\/p><\/div>\n<div id=\"attachment_682\" style=\"width: 235px\" class=\"wp-caption aligncenter\"><a href=\"http:\/\/www.helmiamanda.fi\/blog\/wp-content\/uploads\/2013\/08\/olohuone.jpg\"><img loading=\"lazy\" decoding=\"async\" aria-describedby=\"caption-attachment-682\" class=\"size-medium wp-image-682\" alt=\"Olohuone\" src=\"http:\/\/www.helmiamanda.fi\/blog\/wp-content\/uploads\/2013\/08\/olohuone-225x300.jpg\" width=\"225\" height=\"300\" srcset=\"http:\/\/www.helmiamanda.fi\/blog\/wp-content\/uploads\/2013\/08\/olohuone-225x300.jpg 225w, http:\/\/www.helmiamanda.fi\/blog\/wp-content\/uploads\/2013\/08\/olohuone-768x1024.jpg 768w, http:\/\/www.helmiamanda.fi\/blog\/wp-content\/uploads\/2013\/08\/olohuone-624x832.jpg 624w, http:\/\/www.helmiamanda.fi\/blog\/wp-content\/uploads\/2013\/08\/olohuone.jpg 1200w\" sizes=\"auto, (max-width: 225px) 100vw, 225px\" \/><\/a><p id=\"caption-attachment-682\" class=\"wp-caption-text\">Olohuone<\/p><\/div>\n<p>Sauna on verhoiltu kuusilaudoilla. Suihkuna on suuri sadesuihku, jota ei heti ensisilm\u00e4yksell\u00e4 edes huomaa. Pukuhuoneen puolelta l\u00f6ytyy jokaiselle omat, nimetyt pyyhekoukut. Loistava idea! Nimet on koukkujen yl\u00e4puolelle laitettu sisustustarralla. Helppoa ja k\u00e4tev\u00e4\u00e4!<\/p>\n<div id=\"attachment_676\" style=\"width: 235px\" class=\"wp-caption aligncenter\"><a href=\"http:\/\/www.helmiamanda.fi\/blog\/wp-content\/uploads\/2013\/08\/sauna.jpg\"><img loading=\"lazy\" decoding=\"async\" aria-describedby=\"caption-attachment-676\" class=\"size-medium wp-image-676\" alt=\"Sauna\" src=\"http:\/\/www.helmiamanda.fi\/blog\/wp-content\/uploads\/2013\/08\/sauna-225x300.jpg\" width=\"225\" height=\"300\" srcset=\"http:\/\/www.helmiamanda.fi\/blog\/wp-content\/uploads\/2013\/08\/sauna-225x300.jpg 225w, http:\/\/www.helmiamanda.fi\/blog\/wp-content\/uploads\/2013\/08\/sauna-768x1024.jpg 768w, http:\/\/www.helmiamanda.fi\/blog\/wp-content\/uploads\/2013\/08\/sauna-624x831.jpg 624w, http:\/\/www.helmiamanda.fi\/blog\/wp-content\/uploads\/2013\/08\/sauna.jpg 1200w\" sizes=\"auto, (max-width: 225px) 100vw, 225px\" \/><\/a><p id=\"caption-attachment-676\" class=\"wp-caption-text\">Sauna<\/p><\/div>\n<div id=\"attachment_677\" style=\"width: 235px\" class=\"wp-caption aligncenter\"><a href=\"http:\/\/www.helmiamanda.fi\/blog\/wp-content\/uploads\/2013\/08\/suihku.jpg\"><img loading=\"lazy\" decoding=\"async\" aria-describedby=\"caption-attachment-677\" class=\"size-medium wp-image-677\" alt=\"Sadesuihku\" src=\"http:\/\/www.helmiamanda.fi\/blog\/wp-content\/uploads\/2013\/08\/suihku-225x300.jpg\" width=\"225\" height=\"300\" srcset=\"http:\/\/www.helmiamanda.fi\/blog\/wp-content\/uploads\/2013\/08\/suihku-225x300.jpg 225w, http:\/\/www.helmiamanda.fi\/blog\/wp-content\/uploads\/2013\/08\/suihku-768x1024.jpg 768w, http:\/\/www.helmiamanda.fi\/blog\/wp-content\/uploads\/2013\/08\/suihku-624x832.jpg 624w, http:\/\/www.helmiamanda.fi\/blog\/wp-content\/uploads\/2013\/08\/suihku.jpg 1200w\" sizes=\"auto, (max-width: 225px) 100vw, 225px\" \/><\/a><p id=\"caption-attachment-677\" class=\"wp-caption-text\">Sadesuihku<\/p><\/div>\n<div id=\"attachment_678\" style=\"width: 235px\" class=\"wp-caption aligncenter\"><a href=\"http:\/\/www.helmiamanda.fi\/blog\/wp-content\/uploads\/2013\/08\/suihku2.jpg\"><img loading=\"lazy\" decoding=\"async\" aria-describedby=\"caption-attachment-678\" class=\"size-medium wp-image-678\" alt=\"Sadesuihku ja k\u00e4sisuihku.\" src=\"http:\/\/www.helmiamanda.fi\/blog\/wp-content\/uploads\/2013\/08\/suihku2-225x300.jpg\" width=\"225\" height=\"300\" srcset=\"http:\/\/www.helmiamanda.fi\/blog\/wp-content\/uploads\/2013\/08\/suihku2-225x300.jpg 225w, http:\/\/www.helmiamanda.fi\/blog\/wp-content\/uploads\/2013\/08\/suihku2-768x1024.jpg 768w, http:\/\/www.helmiamanda.fi\/blog\/wp-content\/uploads\/2013\/08\/suihku2-624x832.jpg 624w, http:\/\/www.helmiamanda.fi\/blog\/wp-content\/uploads\/2013\/08\/suihku2.jpg 1200w\" sizes=\"auto, (max-width: 225px) 100vw, 225px\" \/><\/a><p id=\"caption-attachment-678\" class=\"wp-caption-text\">Sadesuihku ja k\u00e4sisuihku.<\/p><\/div>\n<div id=\"attachment_681\" style=\"width: 310px\" class=\"wp-caption aligncenter\"><a href=\"http:\/\/www.helmiamanda.fi\/blog\/wp-content\/uploads\/2013\/08\/nimikoidut-pyyhekoukut.jpg\"><img loading=\"lazy\" decoding=\"async\" aria-describedby=\"caption-attachment-681\" class=\"size-medium wp-image-681\" alt=\"Nimikoidut pyyhekoukut.\" src=\"http:\/\/www.helmiamanda.fi\/blog\/wp-content\/uploads\/2013\/08\/nimikoidut-pyyhekoukut-300x180.jpg\" width=\"300\" height=\"180\" srcset=\"http:\/\/www.helmiamanda.fi\/blog\/wp-content\/uploads\/2013\/08\/nimikoidut-pyyhekoukut-300x180.jpg 300w, http:\/\/www.helmiamanda.fi\/blog\/wp-content\/uploads\/2013\/08\/nimikoidut-pyyhekoukut-1024x616.jpg 1024w, http:\/\/www.helmiamanda.fi\/blog\/wp-content\/uploads\/2013\/08\/nimikoidut-pyyhekoukut-624x375.jpg 624w, http:\/\/www.helmiamanda.fi\/blog\/wp-content\/uploads\/2013\/08\/nimikoidut-pyyhekoukut.jpg 1200w\" sizes=\"auto, (max-width: 300px) 100vw, 300px\" \/><\/a><p id=\"caption-attachment-681\" class=\"wp-caption-text\">Nimikoidut pyyhekoukut.<\/p><\/div>\n<p>Koko talossa on vahattu betonilattia, joka tuo rouheutta sisustukseen. Olohuoneen sein\u00e4 jatkaa rouheaa linjaa. Mirella kertoi, ett\u00e4 sein\u00e4n v\u00e4ri oli kovan ty\u00f6n ja tuskan takana. Maali ei meinannut pysy\u00e4 sein\u00e4ss\u00e4 ja metallihiput valuivat maalin mukana alas. Lopputulos on kuitenkin vaivan arvoinen.<\/p>\n<div id=\"attachment_679\" style=\"width: 276px\" class=\"wp-caption aligncenter\"><a href=\"http:\/\/www.helmiamanda.fi\/blog\/wp-content\/uploads\/2013\/08\/olohuoneen-seina.jpg\"><img loading=\"lazy\" decoding=\"async\" aria-describedby=\"caption-attachment-679\" class=\"size-medium wp-image-679\" alt=\"Olohuoneen sein\u00e4.\" src=\"http:\/\/www.helmiamanda.fi\/blog\/wp-content\/uploads\/2013\/08\/olohuoneen-seina-266x300.jpg\" width=\"266\" height=\"300\" srcset=\"http:\/\/www.helmiamanda.fi\/blog\/wp-content\/uploads\/2013\/08\/olohuoneen-seina-266x300.jpg 266w, http:\/\/www.helmiamanda.fi\/blog\/wp-content\/uploads\/2013\/08\/olohuoneen-seina-910x1024.jpg 910w, http:\/\/www.helmiamanda.fi\/blog\/wp-content\/uploads\/2013\/08\/olohuoneen-seina-624x701.jpg 624w, http:\/\/www.helmiamanda.fi\/blog\/wp-content\/uploads\/2013\/08\/olohuoneen-seina.jpg 1200w\" sizes=\"auto, (max-width: 266px) 100vw, 266px\" \/><\/a><p id=\"caption-attachment-679\" class=\"wp-caption-text\">Olohuoneen sein\u00e4.<\/p><\/div>\n<p>Ulkoa l\u00f6ytyy kes\u00e4keitti\u00f6, joka jatkaa samaa linjaa kun talo. Piha on suojassa ohikulkevien katseilta. Nurmikkoa l\u00f6ytyy pieni pala, mutta suurin osa pihasta on louhosta. Se tuo mieleen Lapin kurut.<\/p>\n<div id=\"attachment_661\" style=\"width: 310px\" class=\"wp-caption aligncenter\"><a href=\"http:\/\/www.helmiamanda.fi\/blog\/wp-content\/uploads\/2013\/08\/maja-naapurista.jpg\"><img loading=\"lazy\" decoding=\"async\" aria-describedby=\"caption-attachment-661\" class=\"size-medium wp-image-661\" alt=\"Maja edest\u00e4.\" src=\"http:\/\/www.helmiamanda.fi\/blog\/wp-content\/uploads\/2013\/08\/maja-naapurista-300x161.jpg\" width=\"300\" height=\"161\" srcset=\"http:\/\/www.helmiamanda.fi\/blog\/wp-content\/uploads\/2013\/08\/maja-naapurista-300x161.jpg 300w, http:\/\/www.helmiamanda.fi\/blog\/wp-content\/uploads\/2013\/08\/maja-naapurista-1024x549.jpg 1024w, http:\/\/www.helmiamanda.fi\/blog\/wp-content\/uploads\/2013\/08\/maja-naapurista-624x334.jpg 624w, http:\/\/www.helmiamanda.fi\/blog\/wp-content\/uploads\/2013\/08\/maja-naapurista.jpg 1200w\" sizes=\"auto, (max-width: 300px) 100vw, 300px\" \/><\/a><p id=\"caption-attachment-661\" class=\"wp-caption-text\">Maja edest\u00e4.<\/p><\/div>\n<div id=\"attachment_680\" style=\"width: 310px\" class=\"wp-caption aligncenter\"><a href=\"http:\/\/www.helmiamanda.fi\/blog\/wp-content\/uploads\/2013\/08\/majan-piha.jpg\"><img loading=\"lazy\" decoding=\"async\" aria-describedby=\"caption-attachment-680\" class=\"size-medium wp-image-680\" alt=\"Majan piha.\" src=\"http:\/\/www.helmiamanda.fi\/blog\/wp-content\/uploads\/2013\/08\/majan-piha-300x225.jpg\" width=\"300\" height=\"225\" srcset=\"http:\/\/www.helmiamanda.fi\/blog\/wp-content\/uploads\/2013\/08\/majan-piha-300x225.jpg 300w, http:\/\/www.helmiamanda.fi\/blog\/wp-content\/uploads\/2013\/08\/majan-piha-1024x768.jpg 1024w, http:\/\/www.helmiamanda.fi\/blog\/wp-content\/uploads\/2013\/08\/majan-piha-624x468.jpg 624w, http:\/\/www.helmiamanda.fi\/blog\/wp-content\/uploads\/2013\/08\/majan-piha.jpg 1200w\" sizes=\"auto, (max-width: 300px) 100vw, 300px\" \/><\/a><p id=\"caption-attachment-680\" class=\"wp-caption-text\">Majan piha.<\/p><\/div>\n<p>Kaiken kaikkiaan talo ja piha ovat upea ja erilainen kokonaisuus.<\/p>\n<div id=\"attachment_608\" style=\"width: 310px\" class=\"wp-caption aligncenter\"><a href=\"http:\/\/www.helmiamanda.fi\/blog\/wp-content\/uploads\/2013\/08\/maja-ja-mirella.jpg\"><img loading=\"lazy\" decoding=\"async\" aria-describedby=\"caption-attachment-608\" class=\"size-medium wp-image-608\" alt=\"Mirella ja Maja.\" src=\"http:\/\/www.helmiamanda.fi\/blog\/wp-content\/uploads\/2013\/08\/maja-ja-mirella-300x202.jpg\" width=\"300\" height=\"202\" srcset=\"http:\/\/www.helmiamanda.fi\/blog\/wp-content\/uploads\/2013\/08\/maja-ja-mirella-300x202.jpg 300w, http:\/\/www.helmiamanda.fi\/blog\/wp-content\/uploads\/2013\/08\/maja-ja-mirella-1024x690.jpg 1024w, http:\/\/www.helmiamanda.fi\/blog\/wp-content\/uploads\/2013\/08\/maja-ja-mirella-624x420.jpg 624w, http:\/\/www.helmiamanda.fi\/blog\/wp-content\/uploads\/2013\/08\/maja-ja-mirella.jpg 1200w\" sizes=\"auto, (max-width: 300px) 100vw, 300px\" \/><\/a><p id=\"caption-attachment-608\" class=\"wp-caption-text\">Mirella ja Maja.<\/p><\/div>\n<p>Kiitoksia Mirellalle mukavasta ja antoisasta messup\u00e4iv\u00e4st\u00e4!<\/p>\n","protected":false},"excerpt":{"rendered":"<p>Esittelyss\u00e4 asuntomessujen upea Maja P\u00e4\u00e4sin sunnuntaina 4.8. tutustumaan Lammi-Kivitalo Majaan toisen rakentajan eli Mirellan opastuksella. Mirella on vanha opiskelukaverini. H\u00e4n on yhdess\u00e4 miehens\u00e4 Tamion kanssa rakentanut upean ja erilaisen talon, joka sulautuu mets\u00e4maisemaan hienosti. Maja on kivitalo, joka on verhoiltu paksuilla Siperian lehtikuusilankuilla. Baltian maissa ko. lankut ovat tuttuja ja niit\u00e4 k\u00e4ytet\u00e4\u00e4n siell\u00e4. Lankut harmaantuvat [&hellip;]<\/p>\n","protected":false},"author":1,"featured_media":0,"comment_status":"open","ping_status":"open","sticky":false,"template":"","format":"status","meta":{"footnotes":""},"categories":[1],"tags":[105,106,90,121,107,14,108,124,120,123,122],"class_list":["post-658","post","type-post","status-publish","format-status","hentry","category-yleinen","tag-asuntomessut","tag-hyvinkaa","tag-keittio","tag-kodinhoitohuone","tag-lammi-kivitalo","tag-lastenhuone","tag-maja","tag-makuuhuone","tag-olohuone","tag-piha","tag-takkatila","post_format-post-format-status"],"aioseo_notices":[],"_links":{"self":[{"href":"http:\/\/www.helmiamanda.fi\/blog\/wp-json\/wp\/v2\/posts\/658","targetHints":{"allow":["GET"]}}],"collection":[{"href":"http:\/\/www.helmiamanda.fi\/blog\/wp-json\/wp\/v2\/posts"}],"about":[{"href":"http:\/\/www.helmiamanda.fi\/blog\/wp-json\/wp\/v2\/types\/post"}],"author":[{"embeddable":true,"href":"http:\/\/www.helmiamanda.fi\/blog\/wp-json\/wp\/v2\/users\/1"}],"replies":[{"embeddable":true,"href":"http:\/\/www.helmiamanda.fi\/blog\/wp-json\/wp\/v2\/comments?post=658"}],"version-history":[{"count":12,"href":"http:\/\/www.helmiamanda.fi\/blog\/wp-json\/wp\/v2\/posts\/658\/revisions"}],"predecessor-version":[{"id":692,"href":"http:\/\/www.helmiamanda.fi\/blog\/wp-json\/wp\/v2\/posts\/658\/revisions\/692"}],"wp:attachment":[{"href":"http:\/\/www.helmiamanda.fi\/blog\/wp-json\/wp\/v2\/media?parent=658"}],"wp:term":[{"taxonomy":"category","embeddable":true,"href":"http:\/\/www.helmiamanda.fi\/blog\/wp-json\/wp\/v2\/categories?post=658"},{"taxonomy":"post_tag","embeddable":true,"href":"http:\/\/www.helmiamanda.fi\/blog\/wp-json\/wp\/v2\/tags?post=658"}],"curies":[{"name":"wp","href":"https:\/\/api.w.org\/{rel}","templated":true}]}}